{"id":677,"date":"2024-12-17T16:34:36","date_gmt":"2024-12-17T16:34:36","guid":{"rendered":"https:\/\/galapagoslifefund.org.ec\/es\/?p=677"},"modified":"2026-04-14T23:14:26","modified_gmt":"2026-04-14T23:14:26","slug":"lanzamiento-de-la-primera-convocatoria-de-propuestas-del-galapagos-life-fund","status":"publish","type":"post","link":"https:\/\/galapagoslifefund.org.ec\/es\/lanzamiento-de-la-primera-convocatoria-de-propuestas-del-galapagos-life-fund\/","title":{"rendered":"Lanzamiento de la Primera Convocatoria de Propuestas del Gal\u00e1pagos Life Fund"},"content":{"rendered":"","protected":false},"excerpt":{"rendered":"<p>Durante su 13\u00aa Reuni\u00f3n de Directorio, el Gal\u00e1pagos Life Fund (GLF) lanz\u00f3 el 16 de diciembre su primera convocatoria de propuestas, desde su creaci\u00f3n en 2023. El GLF se estableci\u00f3 con el prop\u00f3sito de empoderar y brindar apoyo a iniciativas de conservaci\u00f3n marina para proteger el patrimonio natural de las Islas Gal\u00e1pagos.<\/p>\n","protected":false},"author":4,"featured_media":678,"comment_status":"closed","ping_status":"closed","sticky":false,"template":"single-blog-2.php","format":"standard","meta":{"_acf_changed":false,"_monsterinsights_skip_tracking":false,"_monsterinsights_sitenote_active":false,"_monsterinsights_sitenote_note":"","_monsterinsights_sitenote_category":0},"categories":[11],"tags":[],"class_list":["post-677","post","type-post","status-publish","format-standard","has-post-thumbnail","hentry","category-nota-de-prensa"],"acf":[],"yoast_head":"<!-- This site is optimized with the Yoast SEO plugin v23.5 - https:\/\/yoast.com\/wordpress\/plugins\/seo\/ -->\n<title>Lanzamiento de la Primera Convocatoria de Propuestas del Gal\u00e1pagos Life Fund - Gal\u00e1pagos Life Fund<\/title>\n<meta name=\"robots\" content=\"index, follow, max-snippet:-1, max-image-preview:large, max-video-preview:-1\" \/>\n<link rel=\"canonical\" href=\"https:\/\/galapagoslifefund.org.ec\/es\/lanzamiento-de-la-primera-convocatoria-de-propuestas-del-galapagos-life-fund\/\" \/>\n<meta property=\"og:locale\" content=\"es_ES\" \/>\n<meta property=\"og:type\" content=\"article\" \/>\n<meta property=\"og:title\" content=\"Lanzamiento de la Primera Convocatoria de Propuestas del Gal\u00e1pagos Life Fund - Gal\u00e1pagos Life Fund\" \/>\n<meta property=\"og:description\" content=\"Durante su 13\u00aa Reuni\u00f3n de Directorio, el Gal\u00e1pagos Life Fund (GLF) lanz\u00f3 el 16 de diciembre su primera convocatoria de propuestas, desde su creaci\u00f3n en 2023. El GLF se estableci\u00f3 con el prop\u00f3sito de empoderar y brindar apoyo a iniciativas de conservaci\u00f3n marina para proteger el patrimonio natural de las Islas Gal\u00e1pagos.\" \/>\n<meta property=\"og:url\" content=\"https:\/\/galapagoslifefund.org.ec\/es\/lanzamiento-de-la-primera-convocatoria-de-propuestas-del-galapagos-life-fund\/\" \/>\n<meta property=\"og:site_name\" content=\"Gal\u00e1pagos Life Fund\" \/>\n<meta property=\"article:published_time\" content=\"2024-12-17T16:34:36+00:00\" \/>\n<meta property=\"article:modified_time\" content=\"2026-04-14T23:14:26+00:00\" \/>\n<meta property=\"og:image\" content=\"https:\/\/galapagoslifefund.org.ec\/es\/wp-content\/uploads\/sites\/2\/2024\/12\/banner-noticia-1024x613.png\" \/>\n\t<meta property=\"og:image:width\" content=\"1024\" \/>\n\t<meta property=\"og:image:height\" content=\"613\" \/>\n\t<meta property=\"og:image:type\" content=\"image\/png\" \/>\n<meta name=\"author\" content=\"Gal\u00e1pagos Life Fund\" \/>\n<meta name=\"twitter:card\" content=\"summary_large_image\" \/>\n<meta name=\"twitter:label1\" content=\"Escrito por\" \/>\n\t<meta name=\"twitter:data1\" content=\"Gal\u00e1pagos Life Fund\" \/>\n\t<meta name=\"twitter:label2\" content=\"Tiempo de lectura\" \/>\n\t<meta name=\"twitter:data2\" content=\"1 minuto\" \/>\n<script type=\"application\/ld+json\" class=\"yoast-schema-graph\">{\"@context\":\"https:\/\/schema.org\",\"@graph\":[{\"@type\":\"WebPage\",\"@id\":\"https:\/\/galapagoslifefund.org.ec\/es\/lanzamiento-de-la-primera-convocatoria-de-propuestas-del-galapagos-life-fund\/\",\"url\":\"https:\/\/galapagoslifefund.org.ec\/es\/lanzamiento-de-la-primera-convocatoria-de-propuestas-del-galapagos-life-fund\/\",\"name\":\"Lanzamiento de la Primera Convocatoria de Propuestas del Gal\u00e1pagos Life Fund - Gal\u00e1pagos Life Fund\",\"isPartOf\":{\"@id\":\"https:\/\/galapagoslifefund.org.ec\/es\/#website\"},\"primaryImageOfPage\":{\"@id\":\"https:\/\/galapagoslifefund.org.ec\/es\/lanzamiento-de-la-primera-convocatoria-de-propuestas-del-galapagos-life-fund\/#primaryimage\"},\"image\":{\"@id\":\"https:\/\/galapagoslifefund.org.ec\/es\/lanzamiento-de-la-primera-convocatoria-de-propuestas-del-galapagos-life-fund\/#primaryimage\"},\"thumbnailUrl\":\"https:\/\/galapagoslifefund.org.ec\/es\/wp-content\/uploads\/sites\/2\/2024\/12\/banner-noticia.png\",\"datePublished\":\"2024-12-17T16:34:36+00:00\",\"dateModified\":\"2026-04-14T23:14:26+00:00\",\"author\":{\"@id\":\"https:\/\/galapagoslifefund.org.ec\/es\/#\/schema\/person\/d5f276e1b3df031952806e14448f43af\"},\"breadcrumb\":{\"@id\":\"https:\/\/galapagoslifefund.org.ec\/es\/lanzamiento-de-la-primera-convocatoria-de-propuestas-del-galapagos-life-fund\/#breadcrumb\"},\"inLanguage\":\"es\",\"potentialAction\":[{\"@type\":\"ReadAction\",\"target\":[\"https:\/\/galapagoslifefund.org.ec\/es\/lanzamiento-de-la-primera-convocatoria-de-propuestas-del-galapagos-life-fund\/\"]}]},{\"@type\":\"ImageObject\",\"inLanguage\":\"es\",\"@id\":\"https:\/\/galapagoslifefund.org.ec\/es\/lanzamiento-de-la-primera-convocatoria-de-propuestas-del-galapagos-life-fund\/#primaryimage\",\"url\":\"https:\/\/galapagoslifefund.org.ec\/es\/wp-content\/uploads\/sites\/2\/2024\/12\/banner-noticia.png\",\"contentUrl\":\"https:\/\/galapagoslifefund.org.ec\/es\/wp-content\/uploads\/sites\/2\/2024\/12\/banner-noticia.png\",\"width\":1800,\"height\":1077},{\"@type\":\"BreadcrumbList\",\"@id\":\"https:\/\/galapagoslifefund.org.ec\/es\/lanzamiento-de-la-primera-convocatoria-de-propuestas-del-galapagos-life-fund\/#breadcrumb\",\"itemListElement\":[{\"@type\":\"ListItem\",\"position\":1,\"name\":\"Portada\",\"item\":\"https:\/\/galapagoslifefund.org.ec\/es\/\"},{\"@type\":\"ListItem\",\"position\":2,\"name\":\"Lanzamiento de la Primera Convocatoria de Propuestas del Gal\u00e1pagos Life Fund\"}]},{\"@type\":\"WebSite\",\"@id\":\"https:\/\/galapagoslifefund.org.ec\/es\/#website\",\"url\":\"https:\/\/galapagoslifefund.org.ec\/es\/\",\"name\":\"Gal\u00e1pagos Life Fund\",\"description\":\"\",\"potentialAction\":[{\"@type\":\"SearchAction\",\"target\":{\"@type\":\"EntryPoint\",\"urlTemplate\":\"https:\/\/galapagoslifefund.org.ec\/es\/?s={search_term_string}\"},\"query-input\":{\"@type\":\"PropertyValueSpecification\",\"valueRequired\":true,\"valueName\":\"search_term_string\"}}],\"inLanguage\":\"es\"},{\"@type\":\"Person\",\"@id\":\"https:\/\/galapagoslifefund.org.ec\/es\/#\/schema\/person\/d5f276e1b3df031952806e14448f43af\",\"name\":\"Gal\u00e1pagos Life Fund\",\"image\":{\"@type\":\"ImageObject\",\"inLanguage\":\"es\",\"@id\":\"https:\/\/galapagoslifefund.org.ec\/es\/#\/schema\/person\/image\/\",\"url\":\"https:\/\/secure.gravatar.com\/avatar\/26547626e8d53aa3b605cc11986e186d?s=96&d=mm&r=g\",\"contentUrl\":\"https:\/\/secure.gravatar.com\/avatar\/26547626e8d53aa3b605cc11986e186d?s=96&d=mm&r=g\",\"caption\":\"Gal\u00e1pagos Life Fund\"},\"url\":\"https:\/\/galapagoslifefund.org.ec\/es\/author\/glf4dm1esp\/\"}]}<\/script>\n<!-- \/ Yoast SEO plugin. -->","yoast_head_json":{"title":"Lanzamiento de la Primera Convocatoria de Propuestas del Gal\u00e1pagos Life Fund - Gal\u00e1pagos Life Fund","robots":{"index":"index","follow":"follow","max-snippet":"max-snippet:-1","max-image-preview":"max-image-preview:large","max-video-preview":"max-video-preview:-1"},"canonical":"https:\/\/galapagoslifefund.org.ec\/es\/lanzamiento-de-la-primera-convocatoria-de-propuestas-del-galapagos-life-fund\/","og_locale":"es_ES","og_type":"article","og_title":"Lanzamiento de la Primera Convocatoria de Propuestas del Gal\u00e1pagos Life Fund - Gal\u00e1pagos Life Fund","og_description":"Durante su 13\u00aa Reuni\u00f3n de Directorio, el Gal\u00e1pagos Life Fund (GLF) lanz\u00f3 el 16 de diciembre su primera convocatoria de propuestas, desde su creaci\u00f3n en 2023. El GLF se estableci\u00f3 con el prop\u00f3sito de empoderar y brindar apoyo a iniciativas de conservaci\u00f3n marina para proteger el patrimonio natural de las Islas Gal\u00e1pagos.","og_url":"https:\/\/galapagoslifefund.org.ec\/es\/lanzamiento-de-la-primera-convocatoria-de-propuestas-del-galapagos-life-fund\/","og_site_name":"Gal\u00e1pagos Life Fund","article_published_time":"2024-12-17T16:34:36+00:00","article_modified_time":"2026-04-14T23:14:26+00:00","og_image":[{"width":1024,"height":613,"url":"https:\/\/galapagoslifefund.org.ec\/es\/wp-content\/uploads\/sites\/2\/2024\/12\/banner-noticia-1024x613.png","type":"image\/png"}],"author":"Gal\u00e1pagos Life Fund","twitter_card":"summary_large_image","twitter_misc":{"Escrito por":"Gal\u00e1pagos Life Fund","Tiempo de lectura":"1 minuto"},"schema":{"@context":"https:\/\/schema.org","@graph":[{"@type":"WebPage","@id":"https:\/\/galapagoslifefund.org.ec\/es\/lanzamiento-de-la-primera-convocatoria-de-propuestas-del-galapagos-life-fund\/","url":"https:\/\/galapagoslifefund.org.ec\/es\/lanzamiento-de-la-primera-convocatoria-de-propuestas-del-galapagos-life-fund\/","name":"Lanzamiento de la Primera Convocatoria de Propuestas del Gal\u00e1pagos Life Fund - Gal\u00e1pagos Life Fund","isPartOf":{"@id":"https:\/\/galapagoslifefund.org.ec\/es\/#website"},"primaryImageOfPage":{"@id":"https:\/\/galapagoslifefund.org.ec\/es\/lanzamiento-de-la-primera-convocatoria-de-propuestas-del-galapagos-life-fund\/#primaryimage"},"image":{"@id":"https:\/\/galapagoslifefund.org.ec\/es\/lanzamiento-de-la-primera-convocatoria-de-propuestas-del-galapagos-life-fund\/#primaryimage"},"thumbnailUrl":"https:\/\/galapagoslifefund.org.ec\/es\/wp-content\/uploads\/sites\/2\/2024\/12\/banner-noticia.png","datePublished":"2024-12-17T16:34:36+00:00","dateModified":"2026-04-14T23:14:26+00:00","author":{"@id":"https:\/\/galapagoslifefund.org.ec\/es\/#\/schema\/person\/d5f276e1b3df031952806e14448f43af"},"breadcrumb":{"@id":"https:\/\/galapagoslifefund.org.ec\/es\/lanzamiento-de-la-primera-convocatoria-de-propuestas-del-galapagos-life-fund\/#breadcrumb"},"inLanguage":"es","potentialAction":[{"@type":"ReadAction","target":["https:\/\/galapagoslifefund.org.ec\/es\/lanzamiento-de-la-primera-convocatoria-de-propuestas-del-galapagos-life-fund\/"]}]},{"@type":"ImageObject","inLanguage":"es","@id":"https:\/\/galapagoslifefund.org.ec\/es\/lanzamiento-de-la-primera-convocatoria-de-propuestas-del-galapagos-life-fund\/#primaryimage","url":"https:\/\/galapagoslifefund.org.ec\/es\/wp-content\/uploads\/sites\/2\/2024\/12\/banner-noticia.png","contentUrl":"https:\/\/galapagoslifefund.org.ec\/es\/wp-content\/uploads\/sites\/2\/2024\/12\/banner-noticia.png","width":1800,"height":1077},{"@type":"BreadcrumbList","@id":"https:\/\/galapagoslifefund.org.ec\/es\/lanzamiento-de-la-primera-convocatoria-de-propuestas-del-galapagos-life-fund\/#breadcrumb","itemListElement":[{"@type":"ListItem","position":1,"name":"Portada","item":"https:\/\/galapagoslifefund.org.ec\/es\/"},{"@type":"ListItem","position":2,"name":"Lanzamiento de la Primera Convocatoria de Propuestas del Gal\u00e1pagos Life Fund"}]},{"@type":"WebSite","@id":"https:\/\/galapagoslifefund.org.ec\/es\/#website","url":"https:\/\/galapagoslifefund.org.ec\/es\/","name":"Gal\u00e1pagos Life Fund","description":"","potentialAction":[{"@type":"SearchAction","target":{"@type":"EntryPoint","urlTemplate":"https:\/\/galapagoslifefund.org.ec\/es\/?s={search_term_string}"},"query-input":{"@type":"PropertyValueSpecification","valueRequired":true,"valueName":"search_term_string"}}],"inLanguage":"es"},{"@type":"Person","@id":"https:\/\/galapagoslifefund.org.ec\/es\/#\/schema\/person\/d5f276e1b3df031952806e14448f43af","name":"Gal\u00e1pagos Life Fund","image":{"@type":"ImageObject","inLanguage":"es","@id":"https:\/\/galapagoslifefund.org.ec\/es\/#\/schema\/person\/image\/","url":"https:\/\/secure.gravatar.com\/avatar\/26547626e8d53aa3b605cc11986e186d?s=96&d=mm&r=g","contentUrl":"https:\/\/secure.gravatar.com\/avatar\/26547626e8d53aa3b605cc11986e186d?s=96&d=mm&r=g","caption":"Gal\u00e1pagos Life Fund"},"url":"https:\/\/galapagoslifefund.org.ec\/es\/author\/glf4dm1esp\/"}]}},"_links":{"self":[{"href":"https:\/\/galapagoslifefund.org.ec\/es\/wp-json\/wp\/v2\/posts\/677"}],"collection":[{"href":"https:\/\/galapagoslifefund.org.ec\/es\/wp-json\/wp\/v2\/posts"}],"about":[{"href":"https:\/\/galapagoslifefund.org.ec\/es\/wp-json\/wp\/v2\/types\/post"}],"author":[{"embeddable":true,"href":"https:\/\/galapagoslifefund.org.ec\/es\/wp-json\/wp\/v2\/users\/4"}],"replies":[{"embeddable":true,"href":"https:\/\/galapagoslifefund.org.ec\/es\/wp-json\/wp\/v2\/comments?post=677"}],"version-history":[{"count":11,"href":"https:\/\/galapagoslifefund.org.ec\/es\/wp-json\/wp\/v2\/posts\/677\/revisions"}],"predecessor-version":[{"id":689,"href":"https:\/\/galapagoslifefund.org.ec\/es\/wp-json\/wp\/v2\/posts\/677\/revisions\/689"}],"wp:featuredmedia":[{"embeddable":true,"href":"https:\/\/galapagoslifefund.org.ec\/es\/wp-json\/wp\/v2\/media\/678"}],"wp:attachment":[{"href":"https:\/\/galapagoslifefund.org.ec\/es\/wp-json\/wp\/v2\/media?parent=677"}],"wp:term":[{"taxonomy":"category","embeddable":true,"href":"https:\/\/galapagoslifefund.org.ec\/es\/wp-json\/wp\/v2\/categories?post=677"},{"taxonomy":"post_tag","embeddable":true,"href":"https:\/\/galapagoslifefund.org.ec\/es\/wp-json\/wp\/v2\/tags?post=677"}],"curies":[{"name":"wp","href":"https:\/\/api.w.org\/{rel}","templated":true}]}}